{"id":13057,"date":"2026-05-01T06:00:00","date_gmt":"2026-05-01T10:00:00","guid":{"rendered":"https:\/\/reclusesmiss.org\/wp\/?p=13057"},"modified":"2026-04-28T11:09:48","modified_gmt":"2026-04-28T15:09:48","slug":"temoins-de-leucharistie-edith-stein","status":"publish","type":"post","link":"https:\/\/reclusesmiss.org\/wp\/temoins-de-leucharistie-edith-stein\/","title":{"rendered":"T\u00e9moins de l&rsquo;Eucharistie : \u00c9dith Stein"},"content":{"rendered":"<style>.kb-row-layout-wrap.wp-block-kadence-rowlayout.kb-row-layout-id13057_0778e1-c2{margin-top:var(--global-kb-spacing-lg, 3rem);margin-bottom:var(--global-kb-spacing-lg, 3rem);}.kb-row-layout-id13057_0778e1-c2 > .kt-row-column-wrap{align-content:start;}:where(.kb-row-layout-id13057_0778e1-c2 > .kt-row-column-wrap) > .wp-block-kadence-column{justify-content:start;}.kb-row-layout-id13057_0778e1-c2 > .kt-row-column-wrap{column-gap:var(--global-kb-gap-md, 2rem);row-gap:var(--global-kb-gap-md, 2rem);padding-top:var(--global-kb-spacing-lg, 3rem);padding-bottom:var(--global-kb-spacing-sm, 1.5rem);grid-template-columns:minmax(0, 1fr) minmax(0, 2fr);}.kb-row-layout-id13057_0778e1-c2{background-image:linear-gradient(90deg,rgba(172,208,236,0.42) 0%,rgba(206,223,94,0.8) 100%);}.kb-row-layout-id13057_0778e1-c2 > .kt-row-layout-overlay{opacity:0.30;}@media all and (max-width: 1024px){.kb-row-layout-id13057_0778e1-c2 > .kt-row-column-wrap{grid-template-columns:minmax(0, 1fr) minmax(0, 2fr);}}@media all and (max-width: 767px){.kb-row-layout-id13057_0778e1-c2 > .kt-row-column-wrap{grid-template-columns:minmax(0, 1fr);}}<\/style><div class=\"kb-row-layout-wrap kb-row-layout-id13057_0778e1-c2 alignnone kt-row-has-bg wp-block-kadence-rowlayout\"><div class=\"kt-row-column-wrap kt-has-2-columns kt-row-layout-right-golden kt-tab-layout-inherit kt-mobile-layout-row kt-row-valign-top\">\n<style>.kadence-column13057_371b40-4e > .kt-inside-inner-col,.kadence-column13057_371b40-4e > .kt-inside-inner-col:before{border-top-left-radius:0px;border-top-right-radius:0px;border-bottom-right-radius:0px;border-bottom-left-radius:0px;}.kadence-column13057_371b40-4e > .kt-inside-inner-col{column-gap:var(--global-kb-gap-sm, 1rem);}.kadence-column13057_371b40-4e > .kt-inside-inner-col{flex-direction:column;}.kadence-column13057_371b40-4e > .kt-inside-inner-col > .aligncenter{width:100%;}.kadence-column13057_371b40-4e > .kt-inside-inner-col:before{opacity:0.3;}.kadence-column13057_371b40-4e{position:relative;}.kadence-column13057_371b40-4e, .kt-inside-inner-col > .kadence-column13057_371b40-4e:not(.specificity){margin-left:var(--global-kb-spacing-lg, 3rem);}@media all and (max-width: 1024px){.kadence-column13057_371b40-4e > .kt-inside-inner-col{flex-direction:column;justify-content:center;}}@media all and (max-width: 767px){.kadence-column13057_371b40-4e > .kt-inside-inner-col{flex-direction:column;justify-content:center;}}<\/style>\n<div class=\"wp-block-kadence-column kadence-column13057_371b40-4e\"><div class=\"kt-inside-inner-col\"><style>.kb-image13057_a089cf-8a .kb-image-has-overlay:after{opacity:0.3;}.kb-image13057_a089cf-8a img.kb-img, .kb-image13057_a089cf-8a .kb-img img{box-shadow:-15px -15px 0px 0px rgba(0, 0, 0, 0.2);}<\/style>\n<figure class=\"wp-block-kadence-image kb-image13057_a089cf-8a size-full\"><img loading=\"lazy\" decoding=\"async\" width=\"250\" height=\"294\" data-attachment-id=\"13058\" data-permalink=\"https:\/\/reclusesmiss.org\/wp\/temoins-de-leucharistie-edith-stein\/eidth_stein\/\" data-orig-file=\"https:\/\/reclusesmiss.org\/wp\/wp-content\/uploads\/2026\/04\/eidth_stein.jpg\" data-orig-size=\"250,294\" data-comments-opened=\"1\" data-image-meta=\"{&quot;aperture&quot;:&quot;0&quot;,&quot;credit&quot;:&quot;&quot;,&quot;camera&quot;:&quot;&quot;,&quot;caption&quot;:&quot;&quot;,&quot;created_timestamp&quot;:&quot;0&quot;,&quot;copyright&quot;:&quot;&quot;,&quot;focal_length&quot;:&quot;0&quot;,&quot;iso&quot;:&quot;0&quot;,&quot;shutter_speed&quot;:&quot;0&quot;,&quot;title&quot;:&quot;&quot;,&quot;orientation&quot;:&quot;1&quot;}\" data-image-title=\"\" data-image-description=\"\" data-image-caption=\"\" data-large-file=\"https:\/\/reclusesmiss.org\/wp\/wp-content\/uploads\/2026\/04\/eidth_stein.jpg\" src=\"https:\/\/reclusesmiss.org\/wp\/wp-content\/uploads\/2026\/04\/eidth_stein.jpg\" alt=\"Sainte \u00c9dith Stein\" class=\"kb-img wp-image-13058\"\/><\/figure>\n<\/div><\/div>\n\n\n<style>.kadence-column13057_459078-d3 > .kt-inside-inner-col{padding-right:var(--global-kb-spacing-lg, 3rem);padding-left:var(--global-kb-spacing-lg, 3rem);}.kadence-column13057_459078-d3 > .kt-inside-inner-col,.kadence-column13057_459078-d3 > .kt-inside-inner-col:before{border-top-left-radius:0px;border-top-right-radius:0px;border-bottom-right-radius:0px;border-bottom-left-radius:0px;}.kadence-column13057_459078-d3 > .kt-inside-inner-col{column-gap:var(--global-kb-gap-sm, 1rem);}.kadence-column13057_459078-d3 > .kt-inside-inner-col{flex-direction:column;}.kadence-column13057_459078-d3 > .kt-inside-inner-col > .aligncenter{width:100%;}.kadence-column13057_459078-d3 > .kt-inside-inner-col:before{opacity:0.3;}.kadence-column13057_459078-d3{position:relative;}@media all and (max-width: 1024px){.kadence-column13057_459078-d3 > .kt-inside-inner-col{flex-direction:column;justify-content:center;}}@media all and (max-width: 767px){.kadence-column13057_459078-d3 > .kt-inside-inner-col{flex-direction:column;justify-content:center;}}<\/style>\n<div class=\"wp-block-kadence-column kadence-column13057_459078-d3\"><div class=\"kt-inside-inner-col\">\n<h2 class=\"wp-block-heading\"><strong>Le tabernacle, lieu de la <em>Shekinah<\/em><\/strong><\/h2>\n\n\n\n<p style=\"font-size:22px\">Les racines juives d&rsquo;\u00c9dith Stein ont n\u00e9cessairement impr\u00e9gn\u00e9 sa foi chr\u00e9tienne. Le tabernacle lui parle tout sp\u00e9cialement en tant que lieu de la Pr\u00e9sence de Dieu, la <em>Shekinah<\/em>. Pendant ses ann\u00e9es d&rsquo;enseignement au Coll\u00e8ge des Dominicaines de Spire, \u00c9dith passe des heures devant le tabernacle. Ce \u00abdevant\u00bb devient tr\u00e8s vite \u00abdans\u00bb. \u00c9dith est l\u00e0 dans la Pr\u00e9sence, \u00e0 l&rsquo;ombre de ses ailes.<\/p>\n<\/div><\/div>\n\n<\/div><\/div>\n\n<style>.wp-block-kadence-spacer.kt-block-spacer-13057_334764-31 .kt-block-spacer{height:29px;}.wp-block-kadence-spacer.kt-block-spacer-13057_334764-31 .kt-divider{border-top-width:1px;height:1px;border-top-color:#fff;width:80%;border-top-style:solid;}<\/style>\n<div class=\"wp-block-kadence-spacer aligncenter kt-block-spacer-13057_334764-31\"><div class=\"kt-block-spacer kt-block-spacer-halign-center\"><hr class=\"kt-divider\"\/><\/div><\/div>\n\n\n\n<p style=\"font-size:22px\">Par son \u00e9tymologie, le tabernacle renvoie aux \u00c9critures. Cette <em>petite tente<\/em> n&rsquo;est pas sans lien avec la \u00abtente de la rencontre\u00bb dans le d\u00e9sert au livre de l&rsquo;Exode, o\u00f9 vient s&rsquo;\u00e9tablir la nu\u00e9e, la Pr\u00e9sence de Dieu, la <em>Shekinah<\/em>. La tente de l&rsquo;Exode contient un peu de pain ainsi que l&rsquo;arche de l&rsquo;Alliance sur laquelle repose le propitiatoire (le Kippour) envelopp\u00e9 par les ailes de deux ch\u00e9rubins inclin\u00e9s en adoration. Dieu a ainsi manifest\u00e9 sa fid\u00e9lit\u00e9 \u00e0 son peuple tout au long de son cheminement difficile vers la libert\u00e9.<\/p>\n\n\n<style>.wp-block-kadence-spacer.kt-block-spacer-13057_acbfd2-73 .kt-block-spacer{height:29px;}.wp-block-kadence-spacer.kt-block-spacer-13057_acbfd2-73 .kt-divider{border-top-width:1px;height:1px;border-top-color:#fff;width:80%;border-top-style:solid;}<\/style>\n<div class=\"wp-block-kadence-spacer aligncenter kt-block-spacer-13057_acbfd2-73\"><div class=\"kt-block-spacer kt-block-spacer-halign-center\"><hr class=\"kt-divider\"\/><\/div><\/div>\n\n\n<style>.kb-row-layout-id13057_d9fcf4-af > .kt-row-column-wrap{align-content:start;}:where(.kb-row-layout-id13057_d9fcf4-af > .kt-row-column-wrap) > .wp-block-kadence-column{justify-content:start;}.kb-row-layout-id13057_d9fcf4-af > .kt-row-column-wrap{column-gap:var(--global-kb-gap-md, 2rem);row-gap:var(--global-kb-gap-md, 2rem);padding-top:var(--global-kb-spacing-sm, 1.5rem);padding-bottom:var(--global-kb-spacing-sm, 1.5rem);}.kb-row-layout-id13057_d9fcf4-af > .kt-row-column-wrap > div:not(.added-for-specificity){grid-column:initial;}.kb-row-layout-id13057_d9fcf4-af > .kt-row-column-wrap{grid-template-columns:minmax(0, 1fr) minmax(0, 6fr) minmax(0, 1fr);}.kb-row-layout-id13057_d9fcf4-af > .kt-row-layout-overlay{opacity:0.30;}@media all and (max-width: 1024px){.kb-row-layout-id13057_d9fcf4-af > .kt-row-column-wrap > div:not(.added-for-specificity){grid-column:initial;}}@media all and (max-width: 1024px){.kb-row-layout-id13057_d9fcf4-af > .kt-row-column-wrap{grid-template-columns:minmax(0, 1fr) minmax(0, 6fr) minmax(0, 1fr);}}@media all and (max-width: 767px){.kb-row-layout-id13057_d9fcf4-af > .kt-row-column-wrap > div:not(.added-for-specificity){grid-column:initial;}.kb-row-layout-id13057_d9fcf4-af > .kt-row-column-wrap{grid-template-columns:minmax(0, 1fr);}}<\/style><div class=\"kb-row-layout-wrap kb-row-layout-id13057_d9fcf4-af alignnone wp-block-kadence-rowlayout\"><div class=\"kt-row-column-wrap kt-has-3-columns kt-row-layout-center-exwide kt-tab-layout-inherit kt-mobile-layout-row kt-row-valign-top\">\n<style>.kadence-column13057_78c681-c2 > .kt-inside-inner-col,.kadence-column13057_78c681-c2 > .kt-inside-inner-col:before{border-top-left-radius:0px;border-top-right-radius:0px;border-bottom-right-radius:0px;border-bottom-left-radius:0px;}.kadence-column13057_78c681-c2 > .kt-inside-inner-col{column-gap:var(--global-kb-gap-sm, 1rem);}.kadence-column13057_78c681-c2 > .kt-inside-inner-col{flex-direction:column;}.kadence-column13057_78c681-c2 > .kt-inside-inner-col > .aligncenter{width:100%;}.kadence-column13057_78c681-c2 > .kt-inside-inner-col:before{opacity:0.3;}.kadence-column13057_78c681-c2{position:relative;}@media all and (max-width: 1024px){.kadence-column13057_78c681-c2 > .kt-inside-inner-col{flex-direction:column;justify-content:center;}}@media all and (max-width: 767px){.kadence-column13057_78c681-c2 > .kt-inside-inner-col{flex-direction:column;justify-content:center;}}<\/style>\n<div class=\"wp-block-kadence-column kadence-column13057_78c681-c2\"><div class=\"kt-inside-inner-col\"><\/div><\/div>\n\n\n<style>.kadence-column13057_91871b-7c > .kt-inside-inner-col,.kadence-column13057_91871b-7c > .kt-inside-inner-col:before{border-top-left-radius:0px;border-top-right-radius:0px;border-bottom-right-radius:0px;border-bottom-left-radius:0px;}.kadence-column13057_91871b-7c > .kt-inside-inner-col{column-gap:var(--global-kb-gap-sm, 1rem);}.kadence-column13057_91871b-7c > .kt-inside-inner-col{flex-direction:column;}.kadence-column13057_91871b-7c > .kt-inside-inner-col > .aligncenter{width:100%;}.kadence-column13057_91871b-7c > .kt-inside-inner-col:before{opacity:0.3;}.kadence-column13057_91871b-7c{position:relative;}@media all and (max-width: 1024px){.kadence-column13057_91871b-7c > .kt-inside-inner-col{flex-direction:column;justify-content:center;}}@media all and (max-width: 767px){.kadence-column13057_91871b-7c > .kt-inside-inner-col{flex-direction:column;justify-content:center;}}<\/style>\n<div class=\"wp-block-kadence-column kadence-column13057_91871b-7c\"><div class=\"kt-inside-inner-col\"><style>.kb-image13057_df61ff-ba .kb-image-has-overlay:after{opacity:0.3;}.kb-image13057_df61ff-ba img.kb-img, .kb-image13057_df61ff-ba .kb-img img{box-shadow:0px 0px 60px 5px rgba(0, 0, 0, 0.2);}<\/style>\n<figure class=\"wp-block-kadence-image kb-image13057_df61ff-ba size-full\"><a href=\"https:\/\/reclusesmiss.org\/wp\/wp-content\/uploads\/2026\/04\/Reconstitution-du-Tabernacle-dans-le-parc-de-Timna.jpg\" class=\"kb-advanced-image-link\"><img loading=\"lazy\" decoding=\"async\" width=\"800\" height=\"533\" data-attachment-id=\"13061\" data-permalink=\"https:\/\/reclusesmiss.org\/wp\/temoins-de-leucharistie-edith-stein\/sony-dsc\/\" data-orig-file=\"https:\/\/reclusesmiss.org\/wp\/wp-content\/uploads\/2026\/04\/Reconstitution-du-Tabernacle-dans-le-parc-de-Timna.jpg\" data-orig-size=\"800,533\" data-comments-opened=\"1\" data-image-meta=\"{&quot;aperture&quot;:&quot;11&quot;,&quot;credit&quot;:&quot;&quot;,&quot;camera&quot;:&quot;DSLR-A390&quot;,&quot;caption&quot;:&quot;SONY DSC&quot;,&quot;created_timestamp&quot;:&quot;1301747226&quot;,&quot;copyright&quot;:&quot;&quot;,&quot;focal_length&quot;:&quot;30&quot;,&quot;iso&quot;:&quot;200&quot;,&quot;shutter_speed&quot;:&quot;0.002&quot;,&quot;title&quot;:&quot;SONY DSC&quot;,&quot;orientation&quot;:&quot;1&quot;}\" data-image-title=\"\" data-image-description=\"\" data-image-caption=\"\" data-large-file=\"https:\/\/reclusesmiss.org\/wp\/wp-content\/uploads\/2026\/04\/Reconstitution-du-Tabernacle-dans-le-parc-de-Timna.jpg\" src=\"https:\/\/reclusesmiss.org\/wp\/wp-content\/uploads\/2026\/04\/Reconstitution-du-Tabernacle-dans-le-parc-de-Timna.jpg\" alt=\"\" class=\"kb-img wp-image-13061\" srcset=\"https:\/\/reclusesmiss.org\/wp\/wp-content\/uploads\/2026\/04\/Reconstitution-du-Tabernacle-dans-le-parc-de-Timna.jpg 800w, https:\/\/reclusesmiss.org\/wp\/wp-content\/uploads\/2026\/04\/Reconstitution-du-Tabernacle-dans-le-parc-de-Timna-300x200.jpg 300w, https:\/\/reclusesmiss.org\/wp\/wp-content\/uploads\/2026\/04\/Reconstitution-du-Tabernacle-dans-le-parc-de-Timna-768x512.jpg 768w\" sizes=\"auto, (max-width: 800px) 100vw, 800px\" \/><\/a><\/figure>\n\n\n\n<p class=\"has-text-align-center\">Reconstitution du Tabernacle dans le Parc de Timna dans la r\u00e9gion du N\u00e9guev, en Isra\u00ebl<\/p>\n\n\n\n<p class=\"has-text-align-center\">Source : <a href=\"https:\/\/fr.wikipedia.org\/wiki\/Tabernacle_%28Bible%29\" type=\"link\" id=\"https:\/\/fr.wikipedia.org\/wiki\/Tabernacle_%28Bible%29\">Wikip\u00e9dia<\/a><\/p>\n<\/div><\/div>\n\n\n<style>.kadence-column13057_1f015b-d4 > .kt-inside-inner-col,.kadence-column13057_1f015b-d4 > .kt-inside-inner-col:before{border-top-left-radius:0px;border-top-right-radius:0px;border-bottom-right-radius:0px;border-bottom-left-radius:0px;}.kadence-column13057_1f015b-d4 > .kt-inside-inner-col{column-gap:var(--global-kb-gap-sm, 1rem);}.kadence-column13057_1f015b-d4 > .kt-inside-inner-col{flex-direction:column;}.kadence-column13057_1f015b-d4 > .kt-inside-inner-col > .aligncenter{width:100%;}.kadence-column13057_1f015b-d4 > .kt-inside-inner-col:before{opacity:0.3;}.kadence-column13057_1f015b-d4{position:relative;}@media all and (max-width: 1024px){.kadence-column13057_1f015b-d4 > .kt-inside-inner-col{flex-direction:column;justify-content:center;}}@media all and (max-width: 767px){.kadence-column13057_1f015b-d4 > .kt-inside-inner-col{flex-direction:column;justify-content:center;}}<\/style>\n<div class=\"wp-block-kadence-column kadence-column13057_1f015b-d4\"><div class=\"kt-inside-inner-col\"><\/div><\/div>\n\n<\/div><\/div>\n\n<style>.wp-block-kadence-spacer.kt-block-spacer-13057_19462f-7d .kt-block-spacer{height:29px;}.wp-block-kadence-spacer.kt-block-spacer-13057_19462f-7d .kt-divider{border-top-width:1px;height:1px;border-top-color:#fff;width:80%;border-top-style:solid;}<\/style>\n<div class=\"wp-block-kadence-spacer aligncenter kt-block-spacer-13057_19462f-7d\"><div class=\"kt-block-spacer kt-block-spacer-halign-center\"><hr class=\"kt-divider\"\/><\/div><\/div>\n\n\n\n<p style=\"font-size:22px\">Dans le Prologue de saint Jean, l&rsquo;Incarnation de J\u00e9sus est exprim\u00e9e par cette m\u00e9taphore: \u00abIl a plant\u00e9 sa tente parmi nous.\u00bb Quand \u00c9dith se tient l\u00e0 devant le tabernacle, elle est bien dans le \u00ablieu\u00bb au sens juif du terme, donc dans l&rsquo;Un. <em>D&rsquo;un point de vue dogmatique, la chose me semble tout \u00e0 fait claire: le Seigneur est pr\u00e9sent dans le tabernacle, dans sa divinit\u00e9 et dans son humanit\u00e9<\/em>, \u00e9crira-t-elle dans une lettre en 1933. Dans un po\u00e8me, elle exprimera le sens profond de cette Pr\u00e9sence :<\/p>\n\n\n<style>.kb-row-layout-id13057_df79a2-f2 > .kt-row-column-wrap{align-content:start;}:where(.kb-row-layout-id13057_df79a2-f2 > .kt-row-column-wrap) > .wp-block-kadence-column{justify-content:start;}.kb-row-layout-id13057_df79a2-f2 > .kt-row-column-wrap{column-gap:var(--global-kb-gap-md, 2rem);row-gap:var(--global-kb-gap-md, 2rem);padding-top:var(--global-kb-spacing-sm, 1.5rem);padding-bottom:var(--global-kb-spacing-sm, 1.5rem);grid-template-columns:minmax(0, calc(30% - ((var(--global-kb-gap-md, 2rem) * 2 )\/3)))minmax(0, calc(60% - ((var(--global-kb-gap-md, 2rem) * 2 )\/3)))minmax(0, calc(10% - ((var(--global-kb-gap-md, 2rem) * 2 )\/3)));}.kb-row-layout-id13057_df79a2-f2 > .kt-row-layout-overlay{opacity:0.30;}@media all and (max-width: 1024px){.kb-row-layout-id13057_df79a2-f2 > .kt-row-column-wrap > div:not(.added-for-specificity){grid-column:initial;}}@media all and (max-width: 1024px){.kb-row-layout-id13057_df79a2-f2 > .kt-row-column-wrap{grid-template-columns:minmax(0, 1fr) minmax(0, 2fr) minmax(0, 1fr);}}@media all and (max-width: 767px){.kb-row-layout-id13057_df79a2-f2 > .kt-row-column-wrap > div:not(.added-for-specificity){grid-column:initial;}.kb-row-layout-id13057_df79a2-f2 > .kt-row-column-wrap{grid-template-columns:minmax(0, 1fr);}}<\/style><div class=\"kb-row-layout-wrap kb-row-layout-id13057_df79a2-f2 alignnone wp-block-kadence-rowlayout\"><div class=\"kt-row-column-wrap kt-has-3-columns kt-row-layout-center-half kt-tab-layout-inherit kt-mobile-layout-row kt-row-valign-top\">\n<style>.kadence-column13057_67906e-ae > .kt-inside-inner-col,.kadence-column13057_67906e-ae > .kt-inside-inner-col:before{border-top-left-radius:0px;border-top-right-radius:0px;border-bottom-right-radius:0px;border-bottom-left-radius:0px;}.kadence-column13057_67906e-ae > .kt-inside-inner-col{column-gap:var(--global-kb-gap-sm, 1rem);}.kadence-column13057_67906e-ae > .kt-inside-inner-col{flex-direction:column;}.kadence-column13057_67906e-ae > .kt-inside-inner-col > .aligncenter{width:100%;}.kadence-column13057_67906e-ae > .kt-inside-inner-col:before{opacity:0.3;}.kadence-column13057_67906e-ae{position:relative;}@media all and (max-width: 1024px){.kadence-column13057_67906e-ae > .kt-inside-inner-col{flex-direction:column;justify-content:center;}}@media all and (max-width: 767px){.kadence-column13057_67906e-ae > .kt-inside-inner-col{flex-direction:column;justify-content:center;}}<\/style>\n<div class=\"wp-block-kadence-column kadence-column13057_67906e-ae\"><div class=\"kt-inside-inner-col\"><\/div><\/div>\n\n\n<style>.kadence-column13057_68f0f9-57 > .kt-inside-inner-col,.kadence-column13057_68f0f9-57 > .kt-inside-inner-col:before{border-top-left-radius:0px;border-top-right-radius:0px;border-bottom-right-radius:0px;border-bottom-left-radius:0px;}.kadence-column13057_68f0f9-57 > .kt-inside-inner-col{column-gap:var(--global-kb-gap-sm, 1rem);}.kadence-column13057_68f0f9-57 > .kt-inside-inner-col{flex-direction:column;}.kadence-column13057_68f0f9-57 > .kt-inside-inner-col > .aligncenter{width:100%;}.kadence-column13057_68f0f9-57 > .kt-inside-inner-col:before{opacity:0.3;}.kadence-column13057_68f0f9-57{position:relative;}@media all and (max-width: 1024px){.kadence-column13057_68f0f9-57 > .kt-inside-inner-col{flex-direction:column;justify-content:center;}}@media all and (max-width: 767px){.kadence-column13057_68f0f9-57 > .kt-inside-inner-col{flex-direction:column;justify-content:center;}}<\/style>\n<div class=\"wp-block-kadence-column kadence-column13057_68f0f9-57\"><div class=\"kt-inside-inner-col\">\n<p style=\"font-size:21px\">Tu n&rsquo;as pas voulu laisser tes enfants orphelins,<br>Tu t&rsquo;es b\u00e2ti une tente au milieu d&rsquo;eux.<br>Tu trouves ton plaisir \u00e0 y demeurer<br>Et tu seras l\u00e0 jusqu&rsquo;\u00e0 la fin des temps.<\/p>\n<\/div><\/div>\n\n\n<style>.kadence-column13057_4e95ef-20 > .kt-inside-inner-col,.kadence-column13057_4e95ef-20 > .kt-inside-inner-col:before{border-top-left-radius:0px;border-top-right-radius:0px;border-bottom-right-radius:0px;border-bottom-left-radius:0px;}.kadence-column13057_4e95ef-20 > .kt-inside-inner-col{column-gap:var(--global-kb-gap-sm, 1rem);}.kadence-column13057_4e95ef-20 > .kt-inside-inner-col{flex-direction:column;}.kadence-column13057_4e95ef-20 > .kt-inside-inner-col > .aligncenter{width:100%;}.kadence-column13057_4e95ef-20 > .kt-inside-inner-col:before{opacity:0.3;}.kadence-column13057_4e95ef-20{position:relative;}@media all and (max-width: 1024px){.kadence-column13057_4e95ef-20 > .kt-inside-inner-col{flex-direction:column;justify-content:center;}}@media all and (max-width: 767px){.kadence-column13057_4e95ef-20 > .kt-inside-inner-col{flex-direction:column;justify-content:center;}}<\/style>\n<div class=\"wp-block-kadence-column kadence-column13057_4e95ef-20\"><div class=\"kt-inside-inner-col\"><\/div><\/div>\n\n<\/div><\/div>\n\n<style>.wp-block-kadence-spacer.kt-block-spacer-13057_ca946f-ef .kt-block-spacer{height:29px;}.wp-block-kadence-spacer.kt-block-spacer-13057_ca946f-ef .kt-divider{border-top-width:1px;height:1px;border-top-color:#fff;width:80%;border-top-style:solid;}<\/style>\n<div class=\"wp-block-kadence-spacer aligncenter kt-block-spacer-13057_ca946f-ef\"><div class=\"kt-block-spacer kt-block-spacer-halign-center\"><hr class=\"kt-divider\"\/><\/div><\/div>\n\n\n\n<h2 class=\"wp-block-heading has-text-color has-link-color wp-elements-372d1f748bbfd38a61a9657c1e52bb58\" style=\"color:#156da4\"><strong><strong>Faits saillants de sa vie<\/strong><\/strong><\/h2>\n\n\n<style>.wp-block-kadence-iconlist.kt-svg-icon-list-items13057_6cc157-8b:not(.this-stops-third-party-issues){margin-top:0px;margin-bottom:0px;}.wp-block-kadence-iconlist.kt-svg-icon-list-items13057_6cc157-8b ul.kt-svg-icon-list:not(.this-prevents-issues):not(.this-stops-third-party-issues):not(.tijsloc){margin-top:0px;margin-right:0px;margin-bottom:var(--global-kb-spacing-sm, 1.5rem);margin-left:0px;padding-left:var(--global-kb-spacing-xxl, 5rem);}.wp-block-kadence-iconlist.kt-svg-icon-list-items13057_6cc157-8b ul.kt-svg-icon-list{grid-row-gap:5px;}.wp-block-kadence-iconlist.kt-svg-icon-list-items13057_6cc157-8b .kb-svg-icon-wrap{font-size:26px;color:#2d5c88;}.wp-block-kadence-iconlist.kt-svg-icon-list-items13057_6cc157-8b ul.kt-svg-icon-list .kt-svg-icon-list-item-wrap .kt-svg-icon-list-single{margin-right:10px;}.kt-svg-icon-list-items13057_6cc157-8b ul.kt-svg-icon-list .kt-svg-icon-list-item-wrap, .kt-svg-icon-list-items13057_6cc157-8b ul.kt-svg-icon-list .kt-svg-icon-list-item-wrap a{font-size:23px;line-height:40px;}.kt-svg-icon-list-items13057_6cc157-8b ul.kt-svg-icon-list .kt-svg-icon-list-level-0 .kt-svg-icon-list-single svg{font-size:20px;}<\/style>\n<div class=\"wp-block-kadence-iconlist kt-svg-icon-list-items kt-svg-icon-list-items13057_6cc157-8b kt-svg-icon-list-columns-1 alignnone kt-list-icon-aligntop\"><ul class=\"kt-svg-icon-list\"><style>.kt-svg-icon-list-item-13057_4f039b-58 .kt-svg-icon-list-text mark.kt-highlight{background-color:unset;font-style:normal;color:#f76a0c;-webkit-box-decoration-break:clone;box-decoration-break:clone;padding-top:0px;padding-right:0px;padding-bottom:0px;padding-left:0px;}<\/style>\n<li class=\"wp-block-kadence-listitem kt-svg-icon-list-item-wrap kt-svg-icon-list-item-13057_4f039b-58\"><span class=\"kb-svg-icon-wrap kb-svg-icon-fe_edit2 kt-svg-icon-list-single\"><svg viewBox=\"0 0 24 24\"  fill=\"none\" stroke=\"currentColor\" stroke-width=\"2\" stroke-linecap=\"round\" stroke-linejoin=\"round\" xmlns=\"http:\/\/www.w3.org\/2000\/svg\"  aria-hidden=\"true\"><polygon points=\"16 3 21 8 8 21 3 21 3 16 16 3\"\/><\/svg><\/span><span class=\"kt-svg-icon-list-text\">\u00c9dith na\u00eet \u00e0 Breslau, aujourd&rsquo;hui Wroclaw en Pologne, le 12 octobre 1891. Elle a 1 an et demi lorsque son p\u00e8re d\u00e9c\u00e8de.<\/span><\/li>\n\n\n<style>.kt-svg-icon-list-item-13057_ef4cca-20 .kt-svg-icon-list-text mark.kt-highlight{background-color:unset;font-style:normal;color:#f76a0c;-webkit-box-decoration-break:clone;box-decoration-break:clone;padding-top:0px;padding-right:0px;padding-bottom:0px;padding-left:0px;}<\/style>\n<li class=\"wp-block-kadence-listitem kt-svg-icon-list-item-wrap kt-svg-icon-list-item-13057_ef4cca-20\"><span class=\"kb-svg-icon-wrap kb-svg-icon-fe_edit2 kt-svg-icon-list-single\"><svg viewBox=\"0 0 24 24\"  fill=\"none\" stroke=\"currentColor\" stroke-width=\"2\" stroke-linecap=\"round\" stroke-linejoin=\"round\" xmlns=\"http:\/\/www.w3.org\/2000\/svg\"  aria-hidden=\"true\"><polygon points=\"16 3 21 8 8 21 3 21 3 16 16 3\"\/><\/svg><\/span><span class=\"kt-svg-icon-list-text\">De 1911 \u00e0 1913, elle \u00e9tudie en psychologie, lettres et histoire \u00e0 l&rsquo;Universit\u00e9 de Breslau. Elle poursuit ses \u00e9tudes en philosophie et en ph\u00e9nom\u00e9nologie \u00e0 l&rsquo;Universit\u00e9 de G\u00f6ttingen.<\/span><\/li>\n\n\n<style>.kt-svg-icon-list-item-13057_6e7744-cc .kt-svg-icon-list-text mark.kt-highlight{background-color:unset;font-style:normal;color:#f76a0c;-webkit-box-decoration-break:clone;box-decoration-break:clone;padding-top:0px;padding-right:0px;padding-bottom:0px;padding-left:0px;}<\/style>\n<li class=\"wp-block-kadence-listitem kt-svg-icon-list-item-wrap kt-svg-icon-list-item-13057_6e7744-cc\"><span class=\"kb-svg-icon-wrap kb-svg-icon-fe_edit2 kt-svg-icon-list-single\"><svg viewBox=\"0 0 24 24\"  fill=\"none\" stroke=\"currentColor\" stroke-width=\"2\" stroke-linecap=\"round\" stroke-linejoin=\"round\" xmlns=\"http:\/\/www.w3.org\/2000\/svg\"  aria-hidden=\"true\"><polygon points=\"16 3 21 8 8 21 3 21 3 16 16 3\"\/><\/svg><\/span><span class=\"kt-svg-icon-list-text\">En 1915, elle choisit d&rsquo;\u00eatre infirmi\u00e8re militaire pendant la 1\u00e8re Guerre Mondiale. \u00c9dith d\u00e9fend ensuite sa th\u00e8se en 1916 sur l&rsquo;intuition et l&#8217;empathie \u00e0 l&rsquo;Universit\u00e9 de Fribourg. Elle devient une des premi\u00e8res femmes ayant le titre de \u00abDocteur\u00bb.<\/span><\/li>\n\n\n<style>.kt-svg-icon-list-item-13057_fde314-34 .kt-svg-icon-list-text mark.kt-highlight{background-color:unset;font-style:normal;color:#f76a0c;-webkit-box-decoration-break:clone;box-decoration-break:clone;padding-top:0px;padding-right:0px;padding-bottom:0px;padding-left:0px;}<\/style>\n<li class=\"wp-block-kadence-listitem kt-svg-icon-list-item-wrap kt-svg-icon-list-item-13057_fde314-34\"><span class=\"kb-svg-icon-wrap kb-svg-icon-fe_edit2 kt-svg-icon-list-single\"><svg viewBox=\"0 0 24 24\"  fill=\"none\" stroke=\"currentColor\" stroke-width=\"2\" stroke-linecap=\"round\" stroke-linejoin=\"round\" xmlns=\"http:\/\/www.w3.org\/2000\/svg\"  aria-hidden=\"true\"><polygon points=\"16 3 21 8 8 21 3 21 3 16 16 3\"\/><\/svg><\/span><span class=\"kt-svg-icon-list-text\">\u00c0 la lecture de l&rsquo;autobiographie de Th\u00e9r\u00e8se d&rsquo;Avila, elle vit une conversion en ao\u00fbt 1921 et d\u00e9cide de recevoir le bapt\u00eame le 1er janvier 1922, \u00e0 l&rsquo;\u00e2ge de 30 ans.<\/span><\/li>\n\n\n<style>.kt-svg-icon-list-item-13057_02548c-99 .kt-svg-icon-list-text mark.kt-highlight{background-color:unset;font-style:normal;color:#f76a0c;-webkit-box-decoration-break:clone;box-decoration-break:clone;padding-top:0px;padding-right:0px;padding-bottom:0px;padding-left:0px;}<\/style>\n<li class=\"wp-block-kadence-listitem kt-svg-icon-list-item-wrap kt-svg-icon-list-item-13057_02548c-99\"><span class=\"kb-svg-icon-wrap kb-svg-icon-fe_edit2 kt-svg-icon-list-single\"><svg viewBox=\"0 0 24 24\"  fill=\"none\" stroke=\"currentColor\" stroke-width=\"2\" stroke-linecap=\"round\" stroke-linejoin=\"round\" xmlns=\"http:\/\/www.w3.org\/2000\/svg\"  aria-hidden=\"true\"><polygon points=\"16 3 21 8 8 21 3 21 3 16 16 3\"\/><\/svg><\/span><span class=\"kt-svg-icon-list-text\">De 1922 \u00e0 1932, \u00c9dith enseigne chez les Dominicaines de Sainte-Madeleine \u00e0 Spire, une \u00c9cole normale pour jeunes filles.<\/span><\/li>\n\n\n<style>.kt-svg-icon-list-item-13057_58339b-5e .kt-svg-icon-list-text mark.kt-highlight{background-color:unset;font-style:normal;color:#f76a0c;-webkit-box-decoration-break:clone;box-decoration-break:clone;padding-top:0px;padding-right:0px;padding-bottom:0px;padding-left:0px;}<\/style>\n<li class=\"wp-block-kadence-listitem kt-svg-icon-list-item-wrap kt-svg-icon-list-item-13057_58339b-5e\"><span class=\"kb-svg-icon-wrap kb-svg-icon-fe_edit2 kt-svg-icon-list-single\"><svg viewBox=\"0 0 24 24\"  fill=\"none\" stroke=\"currentColor\" stroke-width=\"2\" stroke-linecap=\"round\" stroke-linejoin=\"round\" xmlns=\"http:\/\/www.w3.org\/2000\/svg\"  aria-hidden=\"true\"><polygon points=\"16 3 21 8 8 21 3 21 3 16 16 3\"\/><\/svg><\/span><span class=\"kt-svg-icon-list-text\">En 1933, elle entre au Carmel de Cologne et sera transf\u00e9r\u00e9e au Carmel d&rsquo;Echt en Hollande en 1939 lors du d\u00e9clenchement de la 2e Guerre Mondiale.<\/span><\/li>\n\n\n<style>.kt-svg-icon-list-item-13057_c9dc16-8c .kt-svg-icon-list-text mark.kt-highlight{background-color:unset;font-style:normal;color:#f76a0c;-webkit-box-decoration-break:clone;box-decoration-break:clone;padding-top:0px;padding-right:0px;padding-bottom:0px;padding-left:0px;}<\/style>\n<li class=\"wp-block-kadence-listitem kt-svg-icon-list-item-wrap kt-svg-icon-list-item-13057_c9dc16-8c\"><span class=\"kb-svg-icon-wrap kb-svg-icon-fe_edit2 kt-svg-icon-list-single\"><svg viewBox=\"0 0 24 24\"  fill=\"none\" stroke=\"currentColor\" stroke-width=\"2\" stroke-linecap=\"round\" stroke-linejoin=\"round\" xmlns=\"http:\/\/www.w3.org\/2000\/svg\"  aria-hidden=\"true\"><polygon points=\"16 3 21 8 8 21 3 21 3 16 16 3\"\/><\/svg><\/span><span class=\"kt-svg-icon-list-text\">Le 2 ao\u00fbt 1942, soeur Th\u00e9r\u00e8se B\u00e9n\u00e9dicte de la Croix est arr\u00eat\u00e9e avec sa soeur Rose par la Gestapo. Dans la nuit du 6 au 7 ao\u00fbt, elles sont d\u00e9port\u00e9es \u00e0 Auschwitz o\u00f9 elles sont gaz\u00e9es vraisemblablement le 9 ao\u00fbt 1942. \u00c9dith a 51 ans.<\/span><\/li>\n\n\n<style>.kt-svg-icon-list-item-13057_0a88da-54 .kt-svg-icon-list-text mark.kt-highlight{background-color:unset;font-style:normal;color:#f76a0c;-webkit-box-decoration-break:clone;box-decoration-break:clone;padding-top:0px;padding-right:0px;padding-bottom:0px;padding-left:0px;}<\/style>\n<li class=\"wp-block-kadence-listitem kt-svg-icon-list-item-wrap kt-svg-icon-list-item-13057_0a88da-54\"><span class=\"kb-svg-icon-wrap kb-svg-icon-fe_edit2 kt-svg-icon-list-single\"><svg viewBox=\"0 0 24 24\"  fill=\"none\" stroke=\"currentColor\" stroke-width=\"2\" stroke-linecap=\"round\" stroke-linejoin=\"round\" xmlns=\"http:\/\/www.w3.org\/2000\/svg\"  aria-hidden=\"true\"><polygon points=\"16 3 21 8 8 21 3 21 3 16 16 3\"\/><\/svg><\/span><span class=\"kt-svg-icon-list-text\">Le pape Jean-Paul II la b\u00e9atifie le 1er mai 1987 et la canonise le 11 octobre 1988. \u00c9dith Stein est d\u00e9clar\u00e9e patronne de l&rsquo;Europe en 1999.<\/span><\/li>\n<\/ul><\/div>\n\n\n<style>.wp-block-kadence-spacer.kt-block-spacer-13057_3f7b03-c8 .kt-block-spacer{height:29px;}.wp-block-kadence-spacer.kt-block-spacer-13057_3f7b03-c8 .kt-divider{border-top-width:1px;height:1px;border-top-color:#fff;width:80%;border-top-style:solid;}<\/style>\n<div class=\"wp-block-kadence-spacer aligncenter kt-block-spacer-13057_3f7b03-c8\"><div class=\"kt-block-spacer kt-block-spacer-halign-center\"><hr class=\"kt-divider\"\/><\/div><\/div>\n\n\n<style>.kb-row-layout-wrap.wp-block-kadence-rowlayout.kb-row-layout-id13057_6f3a15-d7{margin-top:var(--global-kb-spacing-xxl, 5rem);}.kb-row-layout-id13057_6f3a15-d7 > .kt-row-column-wrap{align-content:start;}:where(.kb-row-layout-id13057_6f3a15-d7 > .kt-row-column-wrap) > .wp-block-kadence-column{justify-content:start;}.kb-row-layout-id13057_6f3a15-d7 > .kt-row-column-wrap{column-gap:var(--global-kb-gap-md, 2rem);row-gap:var(--global-kb-gap-md, 2rem);padding-top:var(--global-kb-spacing-lg, 3rem);padding-bottom:var(--global-kb-spacing-sm, 1.5rem);grid-template-columns:minmax(0, 1fr) minmax(0, 2fr);}.kb-row-layout-id13057_6f3a15-d7{background-image:linear-gradient(135deg,rgba(227,200,6,0.74) 0%,rgb(92,158,179) 100%);}.kb-row-layout-id13057_6f3a15-d7 > .kt-row-layout-overlay{opacity:0.73;background-color:#eee;}@media all and (max-width: 1024px){.kb-row-layout-id13057_6f3a15-d7 > .kt-row-column-wrap{grid-template-columns:minmax(0, 1fr) minmax(0, 2fr);}}@media all and (max-width: 767px){.kb-row-layout-id13057_6f3a15-d7 > .kt-row-column-wrap{grid-template-columns:minmax(0, 1fr);}}<\/style><div class=\"kb-row-layout-wrap kb-row-layout-id13057_6f3a15-d7 alignnone kt-row-has-bg wp-block-kadence-rowlayout\"><div class=\"kt-row-layout-overlay kt-row-overlay-normal\"><\/div><div class=\"kt-row-column-wrap kt-has-2-columns kt-row-layout-right-golden kt-tab-layout-inherit kt-mobile-layout-row kt-row-valign-top\">\n<style>.kadence-column13057_ade0fe-6b > .kt-inside-inner-col{display:flex;}.kadence-column13057_ade0fe-6b > .kt-inside-inner-col{padding-top:var(--global-kb-spacing-xs, 1rem);}.kadence-column13057_ade0fe-6b > .kt-inside-inner-col,.kadence-column13057_ade0fe-6b > .kt-inside-inner-col:before{border-top-left-radius:0px;border-top-right-radius:0px;border-bottom-right-radius:0px;border-bottom-left-radius:0px;}.kadence-column13057_ade0fe-6b > .kt-inside-inner-col{column-gap:var(--global-kb-gap-sm, 1rem);}.kadence-column13057_ade0fe-6b > .kt-inside-inner-col{flex-direction:column;align-items:center;}.kadence-column13057_ade0fe-6b > .kt-inside-inner-col > .kb-image-is-ratio-size{align-self:stretch;}.kadence-column13057_ade0fe-6b > .kt-inside-inner-col > .wp-block-kadence-advancedgallery{align-self:stretch;}.kadence-column13057_ade0fe-6b > .kt-inside-inner-col > .aligncenter{width:100%;}.kadence-column13057_ade0fe-6b > .kt-inside-inner-col:before{opacity:0.3;}.kadence-column13057_ade0fe-6b{position:relative;}@media all and (max-width: 1024px){.kadence-column13057_ade0fe-6b > .kt-inside-inner-col{flex-direction:column;justify-content:center;align-items:center;}}@media all and (max-width: 767px){.kadence-column13057_ade0fe-6b > .kt-inside-inner-col{flex-direction:column;justify-content:center;align-items:center;}}<\/style>\n<div class=\"wp-block-kadence-column kadence-column13057_ade0fe-6b\"><div class=\"kt-inside-inner-col\">\n<h2 class=\"wp-block-heading has-text-align-center has-text-color has-link-color wp-elements-8c04002a4e7507242e2b4b77c9326915\" style=\"color:#156da4\"><strong><strong><strong><strong>Chemin pascal<\/strong><\/strong><\/strong><\/strong><\/h2>\n\n\n<style>.wp-block-kadence-spacer.kt-block-spacer-13057_13c9b9-b8 .kt-block-spacer{height:60px;}.wp-block-kadence-spacer.kt-block-spacer-13057_13c9b9-b8 .kt-divider{border-top-width:1px;height:1px;border-top-color:#eee;width:80%;border-top-style:solid;}<\/style>\n<div class=\"wp-block-kadence-spacer aligncenter kt-block-spacer-13057_13c9b9-b8\"><div class=\"kt-block-spacer kt-block-spacer-halign-center\"><hr class=\"kt-divider\"\/><\/div><\/div>\n\n\n<style>.kb-image13057_a3bdf4-fc .kb-image-has-overlay:after{opacity:0.3;}.kb-image13057_a3bdf4-fc img.kb-img, .kb-image13057_a3bdf4-fc .kb-img img{box-shadow:-15px -15px 0px 0px rgba(0, 0, 0, 0.2);}<\/style>\n<div class=\"wp-block-kadence-image kb-image13057_a3bdf4-fc\"><figure class=\"aligncenter size-full\"><a href=\"https:\/\/reclusesmiss.org\/wp\/wp-content\/uploads\/2026\/05\/Edith_Stein_1938-1939.jpg\" class=\"kb-advanced-image-link\"><img loading=\"lazy\" decoding=\"async\" width=\"960\" height=\"1091\" data-attachment-id=\"13072\" data-permalink=\"https:\/\/reclusesmiss.org\/wp\/temoins-de-leucharistie-edith-stein\/edith_stein_1938-1939\/\" data-orig-file=\"https:\/\/reclusesmiss.org\/wp\/wp-content\/uploads\/2026\/05\/Edith_Stein_1938-1939.jpg\" data-orig-size=\"960,1091\" data-comments-opened=\"1\" data-image-meta=\"{&quot;aperture&quot;:&quot;0&quot;,&quot;credit&quot;:&quot;&quot;,&quot;camera&quot;:&quot;&quot;,&quot;caption&quot;:&quot;&quot;,&quot;created_timestamp&quot;:&quot;0&quot;,&quot;copyright&quot;:&quot;&quot;,&quot;focal_length&quot;:&quot;0&quot;,&quot;iso&quot;:&quot;0&quot;,&quot;shutter_speed&quot;:&quot;0&quot;,&quot;title&quot;:&quot;&quot;,&quot;orientation&quot;:&quot;0&quot;}\" data-image-title=\"Edith_Stein_(1938-1939)\" data-image-description=\"\" data-image-caption=\"\" data-large-file=\"https:\/\/reclusesmiss.org\/wp\/wp-content\/uploads\/2026\/05\/Edith_Stein_1938-1939-901x1024.jpg\" src=\"https:\/\/reclusesmiss.org\/wp\/wp-content\/uploads\/2026\/05\/Edith_Stein_1938-1939.jpg\" alt=\"\" class=\"kb-img wp-image-13072\" srcset=\"https:\/\/reclusesmiss.org\/wp\/wp-content\/uploads\/2026\/05\/Edith_Stein_1938-1939.jpg 960w, https:\/\/reclusesmiss.org\/wp\/wp-content\/uploads\/2026\/05\/Edith_Stein_1938-1939-264x300.jpg 264w, https:\/\/reclusesmiss.org\/wp\/wp-content\/uploads\/2026\/05\/Edith_Stein_1938-1939-901x1024.jpg 901w, https:\/\/reclusesmiss.org\/wp\/wp-content\/uploads\/2026\/05\/Edith_Stein_1938-1939-768x873.jpg 768w\" sizes=\"auto, (max-width: 960px) 100vw, 960px\" \/><\/a><\/figure><\/div>\n\n\n\n<p class=\"has-text-align-center\">Photographie d&rsquo;\u00c9dith Stein, prise imm\u00e9diatement avant qu&rsquo;elle quitte le Carmel de Cologne pour se r\u00e9fugier au Carmel d\u2019Echt, v. 31 d\u00e9cembre 1938.<\/p>\n<\/div><\/div>\n\n\n<style>.kadence-column13057_8886ab-d8 > .kt-inside-inner-col{display:flex;}.kadence-column13057_8886ab-d8 > .kt-inside-inner-col{padding-top:var(--global-kb-spacing-xl, 4rem);padding-right:var(--global-kb-spacing-md, 2rem);padding-left:var(--global-kb-spacing-md, 2rem);}.kadence-column13057_8886ab-d8 > .kt-inside-inner-col,.kadence-column13057_8886ab-d8 > .kt-inside-inner-col:before{border-top-left-radius:0px;border-top-right-radius:0px;border-bottom-right-radius:0px;border-bottom-left-radius:0px;}.kadence-column13057_8886ab-d8 > .kt-inside-inner-col{row-gap:var(--global-kb-gap-none, 0rem );column-gap:var(--global-kb-gap-sm, 1rem);}.kadence-column13057_8886ab-d8 > .kt-inside-inner-col{flex-direction:column;}.kadence-column13057_8886ab-d8 > .kt-inside-inner-col > .aligncenter{width:100%;}.kadence-column13057_8886ab-d8 > .kt-inside-inner-col:before{opacity:0.3;}.kadence-column13057_8886ab-d8{position:relative;}@media all and (max-width: 1024px){.kadence-column13057_8886ab-d8 > .kt-inside-inner-col{flex-direction:column;justify-content:center;}}@media all and (max-width: 767px){.kadence-column13057_8886ab-d8 > .kt-inside-inner-col{flex-direction:column;justify-content:center;}}<\/style>\n<div class=\"wp-block-kadence-column kadence-column13057_8886ab-d8\"><div class=\"kt-inside-inner-col\">\n<p style=\"font-size:22px\">N\u00e9e le jour de la F\u00eate du Yom Kippour, f\u00eate de l&rsquo;Expiation, \u00c9dith Stein y puisera progressivement le sens m\u00eame de sa vie. En avril 1933, devenue depuis peu soeur Th\u00e9r\u00e8se B\u00e9n\u00e9dicte de la Croix au Carmel de Cologne, elle a la certitude d&rsquo;avoir \u00e9t\u00e9 exauc\u00e9e dans son d\u00e9sir du portement de la croix pour et avec le peuple juif. M\u00eame si toutes les mesures ont \u00e9t\u00e9 prises pour qu&rsquo;elle \u00e9chappe au sort tragique de la Shoah, lorsque l&rsquo;in\u00e9vitable se pr\u00e9sente, \u00c9dith fait de sa mort, avec le Christ, un \u00abmourir vers le P\u00e8re\u00bb. Mais ce don d&rsquo;elle-m\u00eame m\u00fbrissait depuis un certain temps. D\u00e9j\u00e0 en 1932 elle \u00e9crivait:<\/p>\n\n\n\n<p style=\"font-size:22px\"><em>Il est une vocation \u00e0 la souffrance avec le Christ et en ceci \u00e0 la collaboration \u00e0 son oeuvre de r\u00e9demption. Quand nous sommes li\u00e9s au Seigneur, nous sommes membres du corps du Christ; le Christ continue de vivre et de souffrir en ses membres; et la souffrance support\u00e9e en union avec le Seigneur est sa souffrance, situ\u00e9e dans la grande oeuvre de r\u00e9demption et en ceci f\u00e9conde.<\/em><\/p>\n<\/div><\/div>\n\n<\/div><\/div>\n\n<style>.wp-block-kadence-spacer.kt-block-spacer-13057_27f642-45 .kt-block-spacer{height:40px;}.wp-block-kadence-spacer.kt-block-spacer-13057_27f642-45 .kt-divider{border-top-width:1px;height:1px;border-top-color:#fff;width:80%;border-top-style:solid;}<\/style>\n<div class=\"wp-block-kadence-spacer aligncenter kt-block-spacer-13057_27f642-45\"><div class=\"kt-block-spacer kt-block-spacer-halign-center\"><hr class=\"kt-divider\"\/><\/div><\/div>\n\n\n<style>.kb-row-layout-wrap.wp-block-kadence-rowlayout.kb-row-layout-id13057_2cc8f7-d2{margin-top:var(--global-kb-spacing-lg, 3rem);}.kb-row-layout-id13057_2cc8f7-d2 > .kt-row-column-wrap{align-content:start;}:where(.kb-row-layout-id13057_2cc8f7-d2 > .kt-row-column-wrap) > .wp-block-kadence-column{justify-content:start;}.kb-row-layout-id13057_2cc8f7-d2 > .kt-row-column-wrap{column-gap:var(--global-kb-gap-md, 2rem);row-gap:var(--global-kb-gap-md, 2rem);padding-top:var(--global-kb-spacing-sm, 1.5rem);padding-right:var(--global-kb-spacing-md, 2rem);padding-bottom:var(--global-kb-spacing-sm, 1.5rem);padding-left:var(--global-kb-spacing-lg, 3rem);grid-template-columns:minmax(0, calc(60% - ((var(--global-kb-gap-md, 2rem) * 1 )\/2)))minmax(0, calc(40% - ((var(--global-kb-gap-md, 2rem) * 1 )\/2)));}.kb-row-layout-id13057_2cc8f7-d2 > .kt-row-layout-overlay{opacity:0.30;}@media all and (max-width: 1024px){.kb-row-layout-id13057_2cc8f7-d2 > .kt-row-column-wrap{grid-template-columns:minmax(0, 2fr) minmax(0, 1fr);}}@media all and (max-width: 767px){.kb-row-layout-id13057_2cc8f7-d2 > .kt-row-column-wrap{grid-template-columns:minmax(0, 1fr);}}<\/style><div class=\"kb-row-layout-wrap kb-row-layout-id13057_2cc8f7-d2 alignnone wp-block-kadence-rowlayout\"><div class=\"kt-row-column-wrap kt-has-2-columns kt-row-layout-left-golden kt-tab-layout-inherit kt-mobile-layout-row kt-row-valign-top\">\n<style>.kadence-column13057_27a9e7-69 > .kt-inside-inner-col{padding-right:var(--global-kb-spacing-lg, 3rem);padding-left:var(--global-kb-spacing-lg, 3rem);}.kadence-column13057_27a9e7-69 > .kt-inside-inner-col,.kadence-column13057_27a9e7-69 > .kt-inside-inner-col:before{border-top-left-radius:0px;border-top-right-radius:0px;border-bottom-right-radius:0px;border-bottom-left-radius:0px;}.kadence-column13057_27a9e7-69 > .kt-inside-inner-col{column-gap:var(--global-kb-gap-sm, 1rem);}.kadence-column13057_27a9e7-69 > .kt-inside-inner-col{flex-direction:column;}.kadence-column13057_27a9e7-69 > .kt-inside-inner-col > .aligncenter{width:100%;}.kadence-column13057_27a9e7-69 > .kt-inside-inner-col:before{opacity:0.3;}.kadence-column13057_27a9e7-69{position:relative;}@media all and (max-width: 1024px){.kadence-column13057_27a9e7-69 > .kt-inside-inner-col{flex-direction:column;justify-content:center;}}@media all and (max-width: 767px){.kadence-column13057_27a9e7-69 > .kt-inside-inner-col{flex-direction:column;justify-content:center;}}<\/style>\n<div class=\"wp-block-kadence-column kadence-column13057_27a9e7-69\"><div class=\"kt-inside-inner-col\">\n<p style=\"font-size:22px\">Arr\u00eat\u00e9e par la Gestapo le 2 ao\u00fbt 1942, \u00c9dith sera une pr\u00e9sence chr\u00e9tienne (une shekinah) dans les camps et sera un signe de r\u00e9confort. Dans sa derni\u00e8re lettre dat\u00e9e du 6 ao\u00fbt, jour de la f\u00eate de la Transfiguration, elle \u00e9crivait \u00e0 sa prieure: <em>Ai pu jusqu&rsquo;ici prier merveilleusement.<\/em><\/p>\n\n\n\n<p style=\"font-size:22px\">Le terme \u00abmerveilleusement\u00bb peut surprendre compte tenu des conditions dans laquelle elle se trouvait. Mais ces derniers mots d&rsquo;\u00c9dith laissent entrevoir qu&rsquo;elle n&rsquo;a pas \u00e9t\u00e9 vaincue. M\u00eame si on lui a pris sa vie, on ne lui a pas pris sa relation \u00e0 Dieu, ni sa relation aux autres, car elle a su se maintenir dans la Pr\u00e9sence du Christ, lui-m\u00eame pr\u00e9sent au milieu de la souffrance des siens. \u00c9dith a su transfigurer sa mort en don d&rsquo;elle-m\u00eame par amour pour Dieu et pour son peuple.<\/p>\n<\/div><\/div>\n\n\n<style>.kadence-column13057_bd03d5-68 > .kt-inside-inner-col{padding-right:var(--global-kb-spacing-xl, 4rem);padding-left:var(--global-kb-spacing-xl, 4rem);}.kadence-column13057_bd03d5-68 > .kt-inside-inner-col,.kadence-column13057_bd03d5-68 > .kt-inside-inner-col:before{border-top-left-radius:0px;border-top-right-radius:0px;border-bottom-right-radius:0px;border-bottom-left-radius:0px;}.kadence-column13057_bd03d5-68 > .kt-inside-inner-col{column-gap:var(--global-kb-gap-sm, 1rem);}.kadence-column13057_bd03d5-68 > .kt-inside-inner-col{flex-direction:column;}.kadence-column13057_bd03d5-68 > .kt-inside-inner-col > .aligncenter{width:100%;}.kadence-column13057_bd03d5-68 > .kt-inside-inner-col:before{opacity:0.3;}.kadence-column13057_bd03d5-68{position:relative;}@media all and (max-width: 1024px){.kadence-column13057_bd03d5-68 > .kt-inside-inner-col{flex-direction:column;justify-content:center;}}@media all and (max-width: 767px){.kadence-column13057_bd03d5-68 > .kt-inside-inner-col{flex-direction:column;justify-content:center;}}<\/style>\n<div class=\"wp-block-kadence-column kadence-column13057_bd03d5-68\"><div class=\"kt-inside-inner-col\"><style>.kb-image13057_0ac87c-87 .kb-image-has-overlay:after{opacity:0.3;}.kb-image13057_0ac87c-87 img.kb-img, .kb-image13057_0ac87c-87 .kb-img img{box-shadow:0px 0px 60px 5px rgba(0, 0, 0, 0.2);}<\/style>\n<div class=\"wp-block-kadence-image kb-image13057_0ac87c-87\"><figure class=\"aligncenter size-full\"><a href=\"https:\/\/reclusesmiss.org\/wp\/wp-content\/uploads\/2026\/05\/vinnyciro-church-596933_1920.jpg\" class=\"kb-advanced-image-link\"><img loading=\"lazy\" decoding=\"async\" width=\"1240\" height=\"1920\" data-attachment-id=\"13077\" data-permalink=\"https:\/\/reclusesmiss.org\/wp\/temoins-de-leucharistie-edith-stein\/vinnyciro-church-596933_1920\/\" data-orig-file=\"https:\/\/reclusesmiss.org\/wp\/wp-content\/uploads\/2026\/05\/vinnyciro-church-596933_1920.jpg\" data-orig-size=\"1240,1920\" data-comments-opened=\"1\" data-image-meta=\"{&quot;aperture&quot;:&quot;0&quot;,&quot;credit&quot;:&quot;&quot;,&quot;camera&quot;:&quot;&quot;,&quot;caption&quot;:&quot;&quot;,&quot;created_timestamp&quot;:&quot;0&quot;,&quot;copyright&quot;:&quot;&quot;,&quot;focal_length&quot;:&quot;0&quot;,&quot;iso&quot;:&quot;0&quot;,&quot;shutter_speed&quot;:&quot;0&quot;,&quot;title&quot;:&quot;&quot;,&quot;orientation&quot;:&quot;0&quot;}\" data-image-title=\"\" data-image-description=\"\" data-image-caption=\"\" data-large-file=\"https:\/\/reclusesmiss.org\/wp\/wp-content\/uploads\/2026\/05\/vinnyciro-church-596933_1920-661x1024.jpg\" src=\"https:\/\/reclusesmiss.org\/wp\/wp-content\/uploads\/2026\/05\/vinnyciro-church-596933_1920.jpg\" alt=\"\" class=\"kb-img wp-image-13077\" srcset=\"https:\/\/reclusesmiss.org\/wp\/wp-content\/uploads\/2026\/05\/vinnyciro-church-596933_1920.jpg 1240w, https:\/\/reclusesmiss.org\/wp\/wp-content\/uploads\/2026\/05\/vinnyciro-church-596933_1920-194x300.jpg 194w, https:\/\/reclusesmiss.org\/wp\/wp-content\/uploads\/2026\/05\/vinnyciro-church-596933_1920-661x1024.jpg 661w, https:\/\/reclusesmiss.org\/wp\/wp-content\/uploads\/2026\/05\/vinnyciro-church-596933_1920-768x1189.jpg 768w, https:\/\/reclusesmiss.org\/wp\/wp-content\/uploads\/2026\/05\/vinnyciro-church-596933_1920-992x1536.jpg 992w\" sizes=\"auto, (max-width: 1240px) 100vw, 1240px\" \/><\/a><\/figure><\/div>\n\n\n<style>.wp-block-kadence-spacer.kt-block-spacer-13057_af866c-dd .kt-block-spacer{height:30px;}.wp-block-kadence-spacer.kt-block-spacer-13057_af866c-dd .kt-divider{border-top-width:1px;height:1px;border-top-color:#fff;width:80%;border-top-style:solid;}<\/style>\n<div class=\"wp-block-kadence-spacer aligncenter kt-block-spacer-13057_af866c-dd\"><div class=\"kt-block-spacer kt-block-spacer-halign-center\"><hr class=\"kt-divider\"\/><\/div><\/div>\n\n\n\n<p class=\"has-text-align-center\">Tabernacle &#8211; Image par&nbsp;<a href=\"https:\/\/pixabay.com\/fr\/users\/vinnyciro-219264\/?utm_source=link-attribution&amp;utm_medium=referral&amp;utm_campaign=image&amp;utm_content=596933\">Vincent Ciro<\/a>&nbsp;de&nbsp;<a href=\"https:\/\/pixabay.com\/fr\/\/?utm_source=link-attribution&amp;utm_medium=referral&amp;utm_campaign=image&amp;utm_content=596933\">Pixabay<\/a><\/p>\n<\/div><\/div>\n\n<\/div><\/div>\n\n<style>.wp-block-kadence-spacer.kt-block-spacer-13057_f3a1a7-3c .kt-block-spacer{height:20px;}.wp-block-kadence-spacer.kt-block-spacer-13057_f3a1a7-3c .kt-divider{border-top-width:1px;height:1px;border-top-color:#fff;width:80%;border-top-style:solid;}<\/style>\n<div class=\"wp-block-kadence-spacer aligncenter kt-block-spacer-13057_f3a1a7-3c\"><div class=\"kt-block-spacer kt-block-spacer-halign-center\"><hr class=\"kt-divider\"\/><\/div><\/div>\n\n\n<style>.kb-row-layout-wrap.wp-block-kadence-rowlayout.kb-row-layout-id13057_51dafd-72{margin-top:var(--global-kb-spacing-lg, 3rem);}.kb-row-layout-id13057_51dafd-72 > .kt-row-column-wrap{align-content:start;}:where(.kb-row-layout-id13057_51dafd-72 > .kt-row-column-wrap) > .wp-block-kadence-column{justify-content:start;}.kb-row-layout-id13057_51dafd-72 > .kt-row-column-wrap{column-gap:var(--global-kb-gap-md, 2rem);row-gap:var(--global-kb-gap-md, 2rem);padding-top:0px;padding-bottom:0px;}.kb-row-layout-id13057_51dafd-72 > .kt-row-column-wrap > div:not(.added-for-specificity){grid-column:initial;}.kb-row-layout-id13057_51dafd-72 > .kt-row-column-wrap{grid-template-columns:minmax(0, 1fr) minmax(0, 2fr) minmax(0, 1fr);}.kb-row-layout-id13057_51dafd-72 > .kt-row-layout-overlay{opacity:0.30;}@media all and (max-width: 1024px){.kb-row-layout-id13057_51dafd-72 > .kt-row-column-wrap > div:not(.added-for-specificity){grid-column:initial;}}@media all and (max-width: 1024px){.kb-row-layout-id13057_51dafd-72 > .kt-row-column-wrap{grid-template-columns:minmax(0, 1fr) minmax(0, 2fr) minmax(0, 1fr);}}@media all and (max-width: 767px){.kb-row-layout-id13057_51dafd-72 > .kt-row-column-wrap > div:not(.added-for-specificity){grid-column:initial;}.kb-row-layout-id13057_51dafd-72 > .kt-row-column-wrap{grid-template-columns:minmax(0, 1fr);}}<\/style><div class=\"kb-row-layout-wrap kb-row-layout-id13057_51dafd-72 alignnone wp-block-kadence-rowlayout\"><div class=\"kt-row-column-wrap kt-has-3-columns kt-row-layout-center-half kt-tab-layout-inherit kt-mobile-layout-row kt-row-valign-top\">\n<style>.kadence-column13057_691254-a4 > .kt-inside-inner-col,.kadence-column13057_691254-a4 > .kt-inside-inner-col:before{border-top-left-radius:0px;border-top-right-radius:0px;border-bottom-right-radius:0px;border-bottom-left-radius:0px;}.kadence-column13057_691254-a4 > .kt-inside-inner-col{column-gap:var(--global-kb-gap-sm, 1rem);}.kadence-column13057_691254-a4 > .kt-inside-inner-col{flex-direction:column;}.kadence-column13057_691254-a4 > .kt-inside-inner-col > .aligncenter{width:100%;}.kadence-column13057_691254-a4 > .kt-inside-inner-col:before{opacity:0.3;}.kadence-column13057_691254-a4{position:relative;}@media all and (max-width: 1024px){.kadence-column13057_691254-a4 > .kt-inside-inner-col{flex-direction:column;justify-content:center;}}@media all and (max-width: 767px){.kadence-column13057_691254-a4 > .kt-inside-inner-col{flex-direction:column;justify-content:center;}}<\/style>\n<div class=\"wp-block-kadence-column kadence-column13057_691254-a4\"><div class=\"kt-inside-inner-col\"><\/div><\/div>\n\n\n<style>.kadence-column13057_ff3ed6-c3 > .kt-inside-inner-col{padding-top:var(--global-kb-spacing-sm, 1.5rem);padding-right:var(--global-kb-spacing-sm, 1.5rem);padding-bottom:var(--global-kb-spacing-sm, 1.5rem);padding-left:var(--global-kb-spacing-sm, 1.5rem);}.kadence-column13057_ff3ed6-c3 > .kt-inside-inner-col{border-top:2px solid #2d5c88;border-right:2px solid #2d5c88;border-bottom:2px solid #2d5c88;border-left:2px solid #2d5c88;}.kadence-column13057_ff3ed6-c3 > .kt-inside-inner-col,.kadence-column13057_ff3ed6-c3 > .kt-inside-inner-col:before{border-top-left-radius:0px;border-top-right-radius:0px;border-bottom-right-radius:0px;border-bottom-left-radius:0px;}.kadence-column13057_ff3ed6-c3 > .kt-inside-inner-col{column-gap:var(--global-kb-gap-sm, 1rem);}.kadence-column13057_ff3ed6-c3 > .kt-inside-inner-col{flex-direction:column;}.kadence-column13057_ff3ed6-c3 > .kt-inside-inner-col > .aligncenter{width:100%;}.kadence-column13057_ff3ed6-c3 > .kt-inside-inner-col:before{opacity:0.3;}.kadence-column13057_ff3ed6-c3{position:relative;}@media all and (max-width: 1024px){.kadence-column13057_ff3ed6-c3 > .kt-inside-inner-col{border-top:2px solid #2d5c88;border-right:2px solid #2d5c88;border-bottom:2px solid #2d5c88;border-left:2px solid #2d5c88;flex-direction:column;justify-content:center;}}@media all and (max-width: 767px){.kadence-column13057_ff3ed6-c3 > .kt-inside-inner-col{border-top:2px solid #2d5c88;border-right:2px solid #2d5c88;border-bottom:2px solid #2d5c88;border-left:2px solid #2d5c88;flex-direction:column;justify-content:center;}}<\/style>\n<div class=\"wp-block-kadence-column kadence-column13057_ff3ed6-c3\"><div class=\"kt-inside-inner-col\">\n<p class=\"has-text-align-center has-medium-font-size\">\u00c9dith se tient devant la Pr\u00e9sence, attitude \u00e9minemment juive et biblique. Et c&rsquo;est \u00e0 cause de cette Pr\u00e9sence divine dans l&rsquo;Eucharistie qu&rsquo;elle-m\u00eame devient \u00abpr\u00e9sence\u00bb parmi les siens. En devenant \u00abUn\u00bb avec le Christ, elle fait de sa vie une offrande expiatrice.<\/p>\n<\/div><\/div>\n\n\n<style>.kadence-column13057_c8d2f7-8a > .kt-inside-inner-col,.kadence-column13057_c8d2f7-8a > .kt-inside-inner-col:before{border-top-left-radius:0px;border-top-right-radius:0px;border-bottom-right-radius:0px;border-bottom-left-radius:0px;}.kadence-column13057_c8d2f7-8a > .kt-inside-inner-col{column-gap:var(--global-kb-gap-sm, 1rem);}.kadence-column13057_c8d2f7-8a > .kt-inside-inner-col{flex-direction:column;}.kadence-column13057_c8d2f7-8a > .kt-inside-inner-col > .aligncenter{width:100%;}.kadence-column13057_c8d2f7-8a > .kt-inside-inner-col:before{opacity:0.3;}.kadence-column13057_c8d2f7-8a{position:relative;}@media all and (max-width: 1024px){.kadence-column13057_c8d2f7-8a > .kt-inside-inner-col{flex-direction:column;justify-content:center;}}@media all and (max-width: 767px){.kadence-column13057_c8d2f7-8a > .kt-inside-inner-col{flex-direction:column;justify-content:center;}}<\/style>\n<div class=\"wp-block-kadence-column kadence-column13057_c8d2f7-8a\"><div class=\"kt-inside-inner-col\"><\/div><\/div>\n\n<\/div><\/div>\n\n<style>.wp-block-kadence-spacer.kt-block-spacer-13057_583996-c0 .kt-block-spacer{height:50px;}.wp-block-kadence-spacer.kt-block-spacer-13057_583996-c0 .kt-divider{border-top-width:1px;height:1px;border-top-color:#fff;width:80%;border-top-style:solid;}<\/style>\n<div class=\"wp-block-kadence-spacer aligncenter kt-block-spacer-13057_583996-c0\"><div class=\"kt-block-spacer kt-block-spacer-halign-center\"><hr class=\"kt-divider\"\/><\/div><\/div>\n","protected":false},"excerpt":{"rendered":"<p>Le tabernacle, lieu de la Shekinah Les racines juives d&rsquo;\u00c9dith Stein ont n\u00e9cessairement impr\u00e9gn\u00e9 sa foi chr\u00e9tienne. Le tabernacle lui parle tout sp\u00e9cialement en tant que lieu de la Pr\u00e9sence de Dieu, la Shekinah. Pendant ses ann\u00e9es d&rsquo;enseignement au Coll\u00e8ge &hellip; <a href=\"https:\/\/reclusesmiss.org\/wp\/temoins-de-leucharistie-edith-stein\/\">Lire la suite\u00ad\u00ad<\/a><\/p>\n","protected":false},"author":3,"featured_media":13058,"comment_status":"open","ping_status":"open","sticky":false,"template":"","format":"standard","meta":{"kt_blocks_editor_width":"","_exactmetrics_skip_tracking":false,"_exactmetrics_sitenote_active":false,"_exactmetrics_sitenote_note":"","_exactmetrics_sitenote_category":0,"jetpack_post_was_ever_published":false,"_jetpack_newsletter_access":"","_jetpack_dont_email_post_to_subs":false,"_jetpack_newsletter_tier_id":0,"_jetpack_memberships_contains_paywalled_content":false,"_jetpack_memberships_contains_paid_content":false,"footnotes":""},"categories":[19,224],"tags":[228,226,227,251,225,252],"class_list":["post-13057","post","type-post","status-publish","format-standard","has-post-thumbnail","hentry","category-partage-communion","category-temoins-de-leucharistie","tag-foi-catholique","tag-mystere-eucharistique","tag-presence-reelle-de-jesus-dans-leucharistie","tag-sainte-edith-stein","tag-temoins-de-leucharistie","tag-therese-benedicte-de-la-croix"],"yoast_head":"<!-- This site is optimized with the Yoast SEO plugin v27.5 - https:\/\/yoast.com\/product\/yoast-seo-wordpress\/ -->\n<title>T\u00e9moins de l&#039;Eucharistie : \u00c9dith Stein - Les Recluses Missionnaires<\/title>\n<meta name=\"description\" content=\"Les racines juives d&#039;\u00c9dith Stein ont n\u00e9cessairement impr\u00e9gn\u00e9 sa foi chr\u00e9tienne. Le tabernacle lui parle tout sp\u00e9cialement en tant que...\" \/>\n<meta name=\"robots\" content=\"index, follow, max-snippet:-1, max-image-preview:large, max-video-preview:-1\" \/>\n<link rel=\"canonical\" href=\"https:\/\/reclusesmiss.org\/wp\/temoins-de-leucharistie-edith-stein\/\" \/>\n<meta property=\"og:locale\" content=\"fr_FR\" \/>\n<meta property=\"og:type\" content=\"article\" \/>\n<meta property=\"og:title\" content=\"T\u00e9moins de l&#039;Eucharistie : \u00c9dith Stein - Les Recluses Missionnaires\" \/>\n<meta property=\"og:description\" content=\"Les racines juives d&#039;\u00c9dith Stein ont n\u00e9cessairement impr\u00e9gn\u00e9 sa foi chr\u00e9tienne. Le tabernacle lui parle tout sp\u00e9cialement en tant que...\" \/>\n<meta property=\"og:url\" content=\"https:\/\/reclusesmiss.org\/wp\/temoins-de-leucharistie-edith-stein\/\" \/>\n<meta property=\"og:site_name\" content=\"Les Recluses Missionnaires\" \/>\n<meta property=\"article:published_time\" content=\"2026-05-01T10:00:00+00:00\" \/>\n<meta property=\"og:image\" content=\"https:\/\/reclusesmiss.org\/wp\/wp-content\/uploads\/2026\/04\/eidth_stein.jpg\" \/>\n\t<meta property=\"og:image:width\" content=\"250\" \/>\n\t<meta property=\"og:image:height\" content=\"294\" \/>\n\t<meta property=\"og:image:type\" content=\"image\/jpeg\" \/>\n<meta name=\"author\" content=\"Recluses Missionnaires\" \/>\n<meta name=\"twitter:card\" content=\"summary_large_image\" \/>\n<meta name=\"twitter:label1\" content=\"\u00c9crit par\" \/>\n\t<meta name=\"twitter:data1\" content=\"Recluses Missionnaires\" \/>\n\t<meta name=\"twitter:label2\" content=\"Dur\u00e9e de lecture estim\u00e9e\" \/>\n\t<meta name=\"twitter:data2\" content=\"6 minutes\" \/>\n<script type=\"application\/ld+json\" class=\"yoast-schema-graph\">{\"@context\":\"https:\\\/\\\/schema.org\",\"@graph\":[{\"@type\":\"Article\",\"@id\":\"https:\\\/\\\/reclusesmiss.org\\\/wp\\\/temoins-de-leucharistie-edith-stein\\\/#article\",\"isPartOf\":{\"@id\":\"https:\\\/\\\/reclusesmiss.org\\\/wp\\\/temoins-de-leucharistie-edith-stein\\\/\"},\"author\":{\"name\":\"Recluses Missionnaires\",\"@id\":\"https:\\\/\\\/reclusesmiss.org\\\/wp\\\/#\\\/schema\\\/person\\\/b0edcab164f731759e8fd30e61f786fd\"},\"headline\":\"T\u00e9moins de l&rsquo;Eucharistie : \u00c9dith Stein\",\"datePublished\":\"2026-05-01T10:00:00+00:00\",\"mainEntityOfPage\":{\"@id\":\"https:\\\/\\\/reclusesmiss.org\\\/wp\\\/temoins-de-leucharistie-edith-stein\\\/\"},\"wordCount\":1020,\"commentCount\":0,\"publisher\":{\"@id\":\"https:\\\/\\\/reclusesmiss.org\\\/wp\\\/#organization\"},\"image\":{\"@id\":\"https:\\\/\\\/reclusesmiss.org\\\/wp\\\/temoins-de-leucharistie-edith-stein\\\/#primaryimage\"},\"thumbnailUrl\":\"https:\\\/\\\/reclusesmiss.org\\\/wp\\\/wp-content\\\/uploads\\\/2026\\\/04\\\/eidth_stein.jpg\",\"keywords\":[\"Foi catholique\",\"Myst\u00e8re eucharistique\",\"Pr\u00e9sence R\u00e9elle de J\u00e9sus dans l'Eucharistie\",\"Sainte \u00c9dith Stein\",\"T\u00e9moins de l'Eucharistie\",\"Th\u00e9r\u00e8se B\u00e9n\u00e9dicte de la Croix\"],\"articleSection\":[\"Partage-Communion\",\"T\u00e9moins de l'Eucharistie\"],\"inLanguage\":\"fr-FR\",\"potentialAction\":[{\"@type\":\"CommentAction\",\"name\":\"Comment\",\"target\":[\"https:\\\/\\\/reclusesmiss.org\\\/wp\\\/temoins-de-leucharistie-edith-stein\\\/#respond\"]}]},{\"@type\":\"WebPage\",\"@id\":\"https:\\\/\\\/reclusesmiss.org\\\/wp\\\/temoins-de-leucharistie-edith-stein\\\/\",\"url\":\"https:\\\/\\\/reclusesmiss.org\\\/wp\\\/temoins-de-leucharistie-edith-stein\\\/\",\"name\":\"T\u00e9moins de l'Eucharistie : \u00c9dith Stein - Les Recluses Missionnaires\",\"isPartOf\":{\"@id\":\"https:\\\/\\\/reclusesmiss.org\\\/wp\\\/#website\"},\"primaryImageOfPage\":{\"@id\":\"https:\\\/\\\/reclusesmiss.org\\\/wp\\\/temoins-de-leucharistie-edith-stein\\\/#primaryimage\"},\"image\":{\"@id\":\"https:\\\/\\\/reclusesmiss.org\\\/wp\\\/temoins-de-leucharistie-edith-stein\\\/#primaryimage\"},\"thumbnailUrl\":\"https:\\\/\\\/reclusesmiss.org\\\/wp\\\/wp-content\\\/uploads\\\/2026\\\/04\\\/eidth_stein.jpg\",\"datePublished\":\"2026-05-01T10:00:00+00:00\",\"description\":\"Les racines juives d'\u00c9dith Stein ont n\u00e9cessairement impr\u00e9gn\u00e9 sa foi chr\u00e9tienne. Le tabernacle lui parle tout sp\u00e9cialement en tant que...\",\"breadcrumb\":{\"@id\":\"https:\\\/\\\/reclusesmiss.org\\\/wp\\\/temoins-de-leucharistie-edith-stein\\\/#breadcrumb\"},\"inLanguage\":\"fr-FR\",\"potentialAction\":[{\"@type\":\"ReadAction\",\"target\":[\"https:\\\/\\\/reclusesmiss.org\\\/wp\\\/temoins-de-leucharistie-edith-stein\\\/\"]}]},{\"@type\":\"ImageObject\",\"inLanguage\":\"fr-FR\",\"@id\":\"https:\\\/\\\/reclusesmiss.org\\\/wp\\\/temoins-de-leucharistie-edith-stein\\\/#primaryimage\",\"url\":\"https:\\\/\\\/reclusesmiss.org\\\/wp\\\/wp-content\\\/uploads\\\/2026\\\/04\\\/eidth_stein.jpg\",\"contentUrl\":\"https:\\\/\\\/reclusesmiss.org\\\/wp\\\/wp-content\\\/uploads\\\/2026\\\/04\\\/eidth_stein.jpg\",\"width\":250,\"height\":294,\"caption\":\"Sainte \u00c9dith Stein\"},{\"@type\":\"BreadcrumbList\",\"@id\":\"https:\\\/\\\/reclusesmiss.org\\\/wp\\\/temoins-de-leucharistie-edith-stein\\\/#breadcrumb\",\"itemListElement\":[{\"@type\":\"ListItem\",\"position\":1,\"name\":\"Accueil\",\"item\":\"https:\\\/\\\/reclusesmiss.org\\\/wp\\\/\"},{\"@type\":\"ListItem\",\"position\":2,\"name\":\"T\u00e9moins de l&rsquo;Eucharistie : \u00c9dith Stein\"}]},{\"@type\":\"WebSite\",\"@id\":\"https:\\\/\\\/reclusesmiss.org\\\/wp\\\/#website\",\"url\":\"https:\\\/\\\/reclusesmiss.org\\\/wp\\\/\",\"name\":\"Les Recluses Missionnaires\",\"description\":\"Communaut\u00e9 contemplative canadienne\",\"publisher\":{\"@id\":\"https:\\\/\\\/reclusesmiss.org\\\/wp\\\/#organization\"},\"potentialAction\":[{\"@type\":\"SearchAction\",\"target\":{\"@type\":\"EntryPoint\",\"urlTemplate\":\"https:\\\/\\\/reclusesmiss.org\\\/wp\\\/?s={search_term_string}\"},\"query-input\":{\"@type\":\"PropertyValueSpecification\",\"valueRequired\":true,\"valueName\":\"search_term_string\"}}],\"inLanguage\":\"fr-FR\"},{\"@type\":\"Organization\",\"@id\":\"https:\\\/\\\/reclusesmiss.org\\\/wp\\\/#organization\",\"name\":\"Les Recluses Missionnaires\",\"url\":\"https:\\\/\\\/reclusesmiss.org\\\/wp\\\/\",\"logo\":{\"@type\":\"ImageObject\",\"inLanguage\":\"fr-FR\",\"@id\":\"https:\\\/\\\/reclusesmiss.org\\\/wp\\\/#\\\/schema\\\/logo\\\/image\\\/\",\"url\":\"https:\\\/\\\/reclusesmiss.org\\\/wp\\\/wp-content\\\/uploads\\\/2019\\\/08\\\/logo_bleu_rm.jpg\",\"contentUrl\":\"https:\\\/\\\/reclusesmiss.org\\\/wp\\\/wp-content\\\/uploads\\\/2019\\\/08\\\/logo_bleu_rm.jpg\",\"width\":200,\"height\":94,\"caption\":\"Les Recluses Missionnaires\"},\"image\":{\"@id\":\"https:\\\/\\\/reclusesmiss.org\\\/wp\\\/#\\\/schema\\\/logo\\\/image\\\/\"}},{\"@type\":\"Person\",\"@id\":\"https:\\\/\\\/reclusesmiss.org\\\/wp\\\/#\\\/schema\\\/person\\\/b0edcab164f731759e8fd30e61f786fd\",\"name\":\"Recluses Missionnaires\",\"image\":{\"@type\":\"ImageObject\",\"inLanguage\":\"fr-FR\",\"@id\":\"https:\\\/\\\/secure.gravatar.com\\\/avatar\\\/eb94110179a85ce7f4ee7fd7c93ee32ab58b1a1f2f271b49e56741367c154519?s=96&d=blank&r=g\",\"url\":\"https:\\\/\\\/secure.gravatar.com\\\/avatar\\\/eb94110179a85ce7f4ee7fd7c93ee32ab58b1a1f2f271b49e56741367c154519?s=96&d=blank&r=g\",\"contentUrl\":\"https:\\\/\\\/secure.gravatar.com\\\/avatar\\\/eb94110179a85ce7f4ee7fd7c93ee32ab58b1a1f2f271b49e56741367c154519?s=96&d=blank&r=g\",\"caption\":\"Recluses Missionnaires\"},\"sameAs\":[\"https:\\\/\\\/reclusesmiss.org\\\/wp\"]}]}<\/script>\n<!-- \/ Yoast SEO plugin. -->","yoast_head_json":{"title":"T\u00e9moins de l'Eucharistie : \u00c9dith Stein - Les Recluses Missionnaires","description":"Les racines juives d'\u00c9dith Stein ont n\u00e9cessairement impr\u00e9gn\u00e9 sa foi chr\u00e9tienne. Le tabernacle lui parle tout sp\u00e9cialement en tant que...","robots":{"index":"index","follow":"follow","max-snippet":"max-snippet:-1","max-image-preview":"max-image-preview:large","max-video-preview":"max-video-preview:-1"},"canonical":"https:\/\/reclusesmiss.org\/wp\/temoins-de-leucharistie-edith-stein\/","og_locale":"fr_FR","og_type":"article","og_title":"T\u00e9moins de l'Eucharistie : \u00c9dith Stein - Les Recluses Missionnaires","og_description":"Les racines juives d'\u00c9dith Stein ont n\u00e9cessairement impr\u00e9gn\u00e9 sa foi chr\u00e9tienne. Le tabernacle lui parle tout sp\u00e9cialement en tant que...","og_url":"https:\/\/reclusesmiss.org\/wp\/temoins-de-leucharistie-edith-stein\/","og_site_name":"Les Recluses Missionnaires","article_published_time":"2026-05-01T10:00:00+00:00","og_image":[{"width":250,"height":294,"url":"https:\/\/reclusesmiss.org\/wp\/wp-content\/uploads\/2026\/04\/eidth_stein.jpg","type":"image\/jpeg"}],"author":"Recluses Missionnaires","twitter_card":"summary_large_image","twitter_misc":{"\u00c9crit par":"Recluses Missionnaires","Dur\u00e9e de lecture estim\u00e9e":"6 minutes"},"schema":{"@context":"https:\/\/schema.org","@graph":[{"@type":"Article","@id":"https:\/\/reclusesmiss.org\/wp\/temoins-de-leucharistie-edith-stein\/#article","isPartOf":{"@id":"https:\/\/reclusesmiss.org\/wp\/temoins-de-leucharistie-edith-stein\/"},"author":{"name":"Recluses Missionnaires","@id":"https:\/\/reclusesmiss.org\/wp\/#\/schema\/person\/b0edcab164f731759e8fd30e61f786fd"},"headline":"T\u00e9moins de l&rsquo;Eucharistie : \u00c9dith Stein","datePublished":"2026-05-01T10:00:00+00:00","mainEntityOfPage":{"@id":"https:\/\/reclusesmiss.org\/wp\/temoins-de-leucharistie-edith-stein\/"},"wordCount":1020,"commentCount":0,"publisher":{"@id":"https:\/\/reclusesmiss.org\/wp\/#organization"},"image":{"@id":"https:\/\/reclusesmiss.org\/wp\/temoins-de-leucharistie-edith-stein\/#primaryimage"},"thumbnailUrl":"https:\/\/reclusesmiss.org\/wp\/wp-content\/uploads\/2026\/04\/eidth_stein.jpg","keywords":["Foi catholique","Myst\u00e8re eucharistique","Pr\u00e9sence R\u00e9elle de J\u00e9sus dans l'Eucharistie","Sainte \u00c9dith Stein","T\u00e9moins de l'Eucharistie","Th\u00e9r\u00e8se B\u00e9n\u00e9dicte de la Croix"],"articleSection":["Partage-Communion","T\u00e9moins de l'Eucharistie"],"inLanguage":"fr-FR","potentialAction":[{"@type":"CommentAction","name":"Comment","target":["https:\/\/reclusesmiss.org\/wp\/temoins-de-leucharistie-edith-stein\/#respond"]}]},{"@type":"WebPage","@id":"https:\/\/reclusesmiss.org\/wp\/temoins-de-leucharistie-edith-stein\/","url":"https:\/\/reclusesmiss.org\/wp\/temoins-de-leucharistie-edith-stein\/","name":"T\u00e9moins de l'Eucharistie : \u00c9dith Stein - Les Recluses Missionnaires","isPartOf":{"@id":"https:\/\/reclusesmiss.org\/wp\/#website"},"primaryImageOfPage":{"@id":"https:\/\/reclusesmiss.org\/wp\/temoins-de-leucharistie-edith-stein\/#primaryimage"},"image":{"@id":"https:\/\/reclusesmiss.org\/wp\/temoins-de-leucharistie-edith-stein\/#primaryimage"},"thumbnailUrl":"https:\/\/reclusesmiss.org\/wp\/wp-content\/uploads\/2026\/04\/eidth_stein.jpg","datePublished":"2026-05-01T10:00:00+00:00","description":"Les racines juives d'\u00c9dith Stein ont n\u00e9cessairement impr\u00e9gn\u00e9 sa foi chr\u00e9tienne. Le tabernacle lui parle tout sp\u00e9cialement en tant que...","breadcrumb":{"@id":"https:\/\/reclusesmiss.org\/wp\/temoins-de-leucharistie-edith-stein\/#breadcrumb"},"inLanguage":"fr-FR","potentialAction":[{"@type":"ReadAction","target":["https:\/\/reclusesmiss.org\/wp\/temoins-de-leucharistie-edith-stein\/"]}]},{"@type":"ImageObject","inLanguage":"fr-FR","@id":"https:\/\/reclusesmiss.org\/wp\/temoins-de-leucharistie-edith-stein\/#primaryimage","url":"https:\/\/reclusesmiss.org\/wp\/wp-content\/uploads\/2026\/04\/eidth_stein.jpg","contentUrl":"https:\/\/reclusesmiss.org\/wp\/wp-content\/uploads\/2026\/04\/eidth_stein.jpg","width":250,"height":294,"caption":"Sainte \u00c9dith Stein"},{"@type":"BreadcrumbList","@id":"https:\/\/reclusesmiss.org\/wp\/temoins-de-leucharistie-edith-stein\/#breadcrumb","itemListElement":[{"@type":"ListItem","position":1,"name":"Accueil","item":"https:\/\/reclusesmiss.org\/wp\/"},{"@type":"ListItem","position":2,"name":"T\u00e9moins de l&rsquo;Eucharistie : \u00c9dith Stein"}]},{"@type":"WebSite","@id":"https:\/\/reclusesmiss.org\/wp\/#website","url":"https:\/\/reclusesmiss.org\/wp\/","name":"Les Recluses Missionnaires","description":"Communaut\u00e9 contemplative canadienne","publisher":{"@id":"https:\/\/reclusesmiss.org\/wp\/#organization"},"potentialAction":[{"@type":"SearchAction","target":{"@type":"EntryPoint","urlTemplate":"https:\/\/reclusesmiss.org\/wp\/?s={search_term_string}"},"query-input":{"@type":"PropertyValueSpecification","valueRequired":true,"valueName":"search_term_string"}}],"inLanguage":"fr-FR"},{"@type":"Organization","@id":"https:\/\/reclusesmiss.org\/wp\/#organization","name":"Les Recluses Missionnaires","url":"https:\/\/reclusesmiss.org\/wp\/","logo":{"@type":"ImageObject","inLanguage":"fr-FR","@id":"https:\/\/reclusesmiss.org\/wp\/#\/schema\/logo\/image\/","url":"https:\/\/reclusesmiss.org\/wp\/wp-content\/uploads\/2019\/08\/logo_bleu_rm.jpg","contentUrl":"https:\/\/reclusesmiss.org\/wp\/wp-content\/uploads\/2019\/08\/logo_bleu_rm.jpg","width":200,"height":94,"caption":"Les Recluses Missionnaires"},"image":{"@id":"https:\/\/reclusesmiss.org\/wp\/#\/schema\/logo\/image\/"}},{"@type":"Person","@id":"https:\/\/reclusesmiss.org\/wp\/#\/schema\/person\/b0edcab164f731759e8fd30e61f786fd","name":"Recluses Missionnaires","image":{"@type":"ImageObject","inLanguage":"fr-FR","@id":"https:\/\/secure.gravatar.com\/avatar\/eb94110179a85ce7f4ee7fd7c93ee32ab58b1a1f2f271b49e56741367c154519?s=96&d=blank&r=g","url":"https:\/\/secure.gravatar.com\/avatar\/eb94110179a85ce7f4ee7fd7c93ee32ab58b1a1f2f271b49e56741367c154519?s=96&d=blank&r=g","contentUrl":"https:\/\/secure.gravatar.com\/avatar\/eb94110179a85ce7f4ee7fd7c93ee32ab58b1a1f2f271b49e56741367c154519?s=96&d=blank&r=g","caption":"Recluses Missionnaires"},"sameAs":["https:\/\/reclusesmiss.org\/wp"]}]}},"jetpack_featured_media_url":"https:\/\/reclusesmiss.org\/wp\/wp-content\/uploads\/2026\/04\/eidth_stein.jpg","jetpack_sharing_enabled":true,"_links":{"self":[{"href":"https:\/\/reclusesmiss.org\/wp\/wp-json\/wp\/v2\/posts\/13057","targetHints":{"allow":["GET"]}}],"collection":[{"href":"https:\/\/reclusesmiss.org\/wp\/wp-json\/wp\/v2\/posts"}],"about":[{"href":"https:\/\/reclusesmiss.org\/wp\/wp-json\/wp\/v2\/types\/post"}],"author":[{"embeddable":true,"href":"https:\/\/reclusesmiss.org\/wp\/wp-json\/wp\/v2\/users\/3"}],"replies":[{"embeddable":true,"href":"https:\/\/reclusesmiss.org\/wp\/wp-json\/wp\/v2\/comments?post=13057"}],"version-history":[{"count":21,"href":"https:\/\/reclusesmiss.org\/wp\/wp-json\/wp\/v2\/posts\/13057\/revisions"}],"predecessor-version":[{"id":13093,"href":"https:\/\/reclusesmiss.org\/wp\/wp-json\/wp\/v2\/posts\/13057\/revisions\/13093"}],"wp:featuredmedia":[{"embeddable":true,"href":"https:\/\/reclusesmiss.org\/wp\/wp-json\/wp\/v2\/media\/13058"}],"wp:attachment":[{"href":"https:\/\/reclusesmiss.org\/wp\/wp-json\/wp\/v2\/media?parent=13057"}],"wp:term":[{"taxonomy":"category","embeddable":true,"href":"https:\/\/reclusesmiss.org\/wp\/wp-json\/wp\/v2\/categories?post=13057"},{"taxonomy":"post_tag","embeddable":true,"href":"https:\/\/reclusesmiss.org\/wp\/wp-json\/wp\/v2\/tags?post=13057"}],"curies":[{"name":"wp","href":"https:\/\/api.w.org\/{rel}","templated":true}]}}